{"id":956,"date":"2026-03-16T09:31:58","date_gmt":"2026-03-16T09:31:58","guid":{"rendered":"https:\/\/volksschule.st-aegidi.at\/?p=956"},"modified":"2026-03-16T09:41:06","modified_gmt":"2026-03-16T09:41:06","slug":"besuch-der-3a-und-3b-der-vs-st-aegidi-im-gemeindeamt","status":"publish","type":"post","link":"https:\/\/volksschule.st-aegidi.at\/index.php\/2026\/03\/16\/besuch-der-3a-und-3b-der-vs-st-aegidi-im-gemeindeamt\/","title":{"rendered":"Besuch der 3a und 3b der VS St. Aegidi im Gemeindeamt"},"content":{"rendered":"\t\t<div data-elementor-type=\"wp-post\" data-elementor-id=\"956\" class=\"elementor elementor-956\">\n\t\t\t\t\t\t<section class=\"elementor-section elementor-top-section elementor-element elementor-element-0c0bac5 elementor-section-boxed elementor-section-height-default elementor-section-height-default\" data-id=\"0c0bac5\" data-element_type=\"section\" data-e-type=\"section\">\n\t\t\t\t\t\t<div class=\"elementor-container elementor-column-gap-default\">\n\t\t\t\t\t<div class=\"elementor-column elementor-col-100 elementor-top-column elementor-element elementor-element-814964b\" data-id=\"814964b\" data-element_type=\"column\" data-e-type=\"column\">\n\t\t\t<div class=\"elementor-widget-wrap elementor-element-populated\">\n\t\t\t\t\t\t<div class=\"elementor-element elementor-element-ebae84f elementor-widget elementor-widget-text-editor\" data-id=\"ebae84f\" data-element_type=\"widget\" data-e-type=\"widget\" data-widget_type=\"text-editor.default\">\n\t\t\t\t<div class=\"elementor-widget-container\">\n\t\t\t\t\t\t\t\t\t<p class=\"isSelectedEnd\">Die Sch\u00fclerinnen und Sch\u00fcler der 3a und 3b Klassen der Volksschule St. Aegidi durften einen spannenden Vormittag im Gemeindeamt verbringen. Dort wurden sie herzlich vom B\u00fcrgermeister und vom Amtsleiter empfangen.<\/p><p class=\"isSelectedEnd\">Bei diesem Besuch erfuhren die Kinder viel Interessantes dar\u00fcber, welche Aufgaben eine Gemeinde hat und was im Gemeindeamt alles organisiert und erledigt wird. Die Sch\u00fclerinnen und Sch\u00fcler konnten entdecken, wie viele verschiedene Bereiche von der Gemeinde betreut werden und wie wichtig diese f\u00fcr das t\u00e4gliche Leben in der Gemeinde sind.<\/p><p class=\"isSelectedEnd\">Der Besuch war f\u00fcr alle sehr lehrreich und bot einen tollen Einblick in die Arbeit der Gemeinde. Die Kinder stellten viele Fragen und zeigten gro\u00dfes Interesse.<\/p><p>Ein herzliches Dankesch\u00f6n an den B\u00fcrgermeister und den Amtsleiter f\u00fcr den freundlichen Empfang und den interessanten Vormittag!<\/p>\t\t\t\t\t\t\t\t<\/div>\n\t\t\t\t<\/div>\n\t\t\t\t\t<\/div>\n\t\t<\/div>\n\t\t\t\t\t<\/div>\n\t\t<\/section>\n\t\t\t\t<section class=\"elementor-section elementor-top-section elementor-element elementor-element-2fc795d elementor-section-boxed elementor-section-height-default elementor-section-height-default\" data-id=\"2fc795d\" data-element_type=\"section\" data-e-type=\"section\">\n\t\t\t\t\t\t<div class=\"elementor-container elementor-column-gap-default\">\n\t\t\t\t\t<div class=\"elementor-column elementor-col-100 elementor-top-column elementor-element elementor-element-d22f348\" data-id=\"d22f348\" data-element_type=\"column\" data-e-type=\"column\">\n\t\t\t<div class=\"elementor-widget-wrap elementor-element-populated\">\n\t\t\t\t\t\t<div class=\"elementor-element elementor-element-7c5c98b elementor-widget elementor-widget-image-gallery\" data-id=\"7c5c98b\" data-element_type=\"widget\" data-e-type=\"widget\" data-widget_type=\"image-gallery.default\">\n\t\t\t\t<div class=\"elementor-widget-container\">\n\t\t\t\t\t\t\t<div class=\"elementor-image-gallery\">\n\t\t\t\n\t\t<style type=\"text\/css\">\n\t\t\t#gallery-1 {\n\t\t\t\tmargin: auto;\n\t\t\t}\n\t\t\t#gallery-1 .gallery-item {\n\t\t\t\tfloat: left;\n\t\t\t\tmargin-top: 10px;\n\t\t\t\ttext-align: center;\n\t\t\t\twidth: 25%;\n\t\t\t}\n\t\t\t#gallery-1 img {\n\t\t\t\tborder: 2px solid #cfcfcf;\n\t\t\t}\n\t\t\t#gallery-1 .gallery-caption {\n\t\t\t\tmargin-left: 0;\n\t\t\t}\n\t\t\t\/* see gallery_shortcode() in wp-includes\/media.php *\/\n\t\t<\/style>\n\t\t<div id='gallery-1' class='gallery galleryid-956 gallery-columns-4 gallery-size-thumbnail'><dl class='gallery-item'>\n\t\t\t<dt class='gallery-icon landscape'>\n\t\t\t\t<a data-elementor-open-lightbox=\"yes\" data-elementor-lightbox-slideshow=\"7c5c98b\" data-elementor-lightbox-title=\"Gruppenfoto 3. Klassen\" data-e-action-hash=\"#elementor-action%3Aaction%3Dlightbox%26settings%3DeyJpZCI6OTYwLCJ1cmwiOiJodHRwczpcL1wvdm9sa3NzY2h1bGUuc3QtYWVnaWRpLmF0XC93cC1jb250ZW50XC91cGxvYWRzXC8yMDI2XC8wM1wvR3J1cHBlbmZvdG8tMy4tS2xhc3Nlbi5qcGciLCJzbGlkZXNob3ciOiI3YzVjOThiIn0%3D\" href='https:\/\/volksschule.st-aegidi.at\/wp-content\/uploads\/2026\/03\/Gruppenfoto-3.-Klassen.jpg'><img decoding=\"async\" width=\"150\" height=\"150\" src=\"https:\/\/volksschule.st-aegidi.at\/wp-content\/uploads\/2026\/03\/Gruppenfoto-3.-Klassen-150x150.jpg\" class=\"attachment-thumbnail size-thumbnail\" alt=\"\" srcset=\"https:\/\/volksschule.st-aegidi.at\/wp-content\/uploads\/2026\/03\/Gruppenfoto-3.-Klassen-150x150.jpg 150w, https:\/\/volksschule.st-aegidi.at\/wp-content\/uploads\/2026\/03\/Gruppenfoto-3.-Klassen-200x200.jpg 200w, https:\/\/volksschule.st-aegidi.at\/wp-content\/uploads\/2026\/03\/Gruppenfoto-3.-Klassen-100x100.jpg 100w, https:\/\/volksschule.st-aegidi.at\/wp-content\/uploads\/2026\/03\/Gruppenfoto-3.-Klassen-40x40.jpg 40w\" sizes=\"(max-width: 150px) 100vw, 150px\" \/><\/a>\n\t\t\t<\/dt><\/dl><dl class='gallery-item'>\n\t\t\t<dt class='gallery-icon landscape'>\n\t\t\t\t<a data-elementor-open-lightbox=\"yes\" data-elementor-lightbox-slideshow=\"7c5c98b\" data-elementor-lightbox-title=\"Gruppenfoto jubel\" data-e-action-hash=\"#elementor-action%3Aaction%3Dlightbox%26settings%3DeyJpZCI6OTYxLCJ1cmwiOiJodHRwczpcL1wvdm9sa3NzY2h1bGUuc3QtYWVnaWRpLmF0XC93cC1jb250ZW50XC91cGxvYWRzXC8yMDI2XC8wM1wvR3J1cHBlbmZvdG8tanViZWwuanBnIiwic2xpZGVzaG93IjoiN2M1Yzk4YiJ9\" href='https:\/\/volksschule.st-aegidi.at\/wp-content\/uploads\/2026\/03\/Gruppenfoto-jubel.jpg'><img decoding=\"async\" width=\"150\" height=\"150\" src=\"https:\/\/volksschule.st-aegidi.at\/wp-content\/uploads\/2026\/03\/Gruppenfoto-jubel-150x150.jpg\" class=\"attachment-thumbnail size-thumbnail\" alt=\"\" srcset=\"https:\/\/volksschule.st-aegidi.at\/wp-content\/uploads\/2026\/03\/Gruppenfoto-jubel-150x150.jpg 150w, https:\/\/volksschule.st-aegidi.at\/wp-content\/uploads\/2026\/03\/Gruppenfoto-jubel-200x200.jpg 200w, https:\/\/volksschule.st-aegidi.at\/wp-content\/uploads\/2026\/03\/Gruppenfoto-jubel-100x100.jpg 100w, https:\/\/volksschule.st-aegidi.at\/wp-content\/uploads\/2026\/03\/Gruppenfoto-jubel-40x40.jpg 40w\" sizes=\"(max-width: 150px) 100vw, 150px\" \/><\/a>\n\t\t\t<\/dt><\/dl>\n\t\t\t<br style='clear: both' \/>\n\t\t<\/div>\n\t\t<\/div>\n\t\t\t\t\t\t<\/div>\n\t\t\t\t<\/div>\n\t\t\t\t\t<\/div>\n\t\t<\/div>\n\t\t\t\t\t<\/div>\n\t\t<\/section>\n\t\t\t\t<\/div>\n\t\t","protected":false},"excerpt":{"rendered":"<p>Die Sch\u00fclerinnen und Sch\u00fcler der 3a und 3b Klassen der Volksschule St. Aegidi durften einen <a class=\"more-link\" href=\"https:\/\/volksschule.st-aegidi.at\/index.php\/2026\/03\/16\/besuch-der-3a-und-3b-der-vs-st-aegidi-im-gemeindeamt\/\">Weiterlesen&#8230;<\/a><\/p>\n","protected":false},"author":6,"featured_media":961,"comment_status":"closed","ping_status":"closed","sticky":false,"template":"","format":"standard","meta":{"_jetpack_memberships_contains_paid_content":false,"footnotes":""},"categories":[7,1],"tags":[],"class_list":["post-956","post","type-post","status-publish","format-standard","has-post-thumbnail","hentry","category-startseite","category-uncategorized"],"jetpack_featured_media_url":"https:\/\/volksschule.st-aegidi.at\/wp-content\/uploads\/2026\/03\/Gruppenfoto-jubel.jpg","jetpack_sharing_enabled":true,"_links":{"self":[{"href":"https:\/\/volksschule.st-aegidi.at\/index.php\/wp-json\/wp\/v2\/posts\/956","targetHints":{"allow":["GET"]}}],"collection":[{"href":"https:\/\/volksschule.st-aegidi.at\/index.php\/wp-json\/wp\/v2\/posts"}],"about":[{"href":"https:\/\/volksschule.st-aegidi.at\/index.php\/wp-json\/wp\/v2\/types\/post"}],"author":[{"embeddable":true,"href":"https:\/\/volksschule.st-aegidi.at\/index.php\/wp-json\/wp\/v2\/users\/6"}],"replies":[{"embeddable":true,"href":"https:\/\/volksschule.st-aegidi.at\/index.php\/wp-json\/wp\/v2\/comments?post=956"}],"version-history":[{"count":7,"href":"https:\/\/volksschule.st-aegidi.at\/index.php\/wp-json\/wp\/v2\/posts\/956\/revisions"}],"predecessor-version":[{"id":965,"href":"https:\/\/volksschule.st-aegidi.at\/index.php\/wp-json\/wp\/v2\/posts\/956\/revisions\/965"}],"wp:featuredmedia":[{"embeddable":true,"href":"https:\/\/volksschule.st-aegidi.at\/index.php\/wp-json\/wp\/v2\/media\/961"}],"wp:attachment":[{"href":"https:\/\/volksschule.st-aegidi.at\/index.php\/wp-json\/wp\/v2\/media?parent=956"}],"wp:term":[{"taxonomy":"category","embeddable":true,"href":"https:\/\/volksschule.st-aegidi.at\/index.php\/wp-json\/wp\/v2\/categories?post=956"},{"taxonomy":"post_tag","embeddable":true,"href":"https:\/\/volksschule.st-aegidi.at\/index.php\/wp-json\/wp\/v2\/tags?post=956"}],"curies":[{"name":"wp","href":"https:\/\/api.w.org\/{rel}","templated":true}]}}